{"id":2859,"date":"2017-12-20T11:56:14","date_gmt":"2017-12-20T10:56:14","guid":{"rendered":"http:\/\/www.lagerfeuer-musik.de\/wordpress\/?p=2859"},"modified":"2018-03-22T11:19:30","modified_gmt":"2018-03-22T10:19:30","slug":"x-mas-special-ausverkauft","status":"publish","type":"post","link":"https:\/\/www.lagerfeuer-musik.de\/wordpress\/x-mas-special-ausverkauft\/","title":{"rendered":"+++ x-mas special ausverkauft +++"},"content":{"rendered":"<p>Liebe Leute, wir sind am 27.12. ausverkauft und freuen uns riesig!!! Die gl\u00fccklichen Besitzer eines Tickets d\u00fcrfen sich mit 400 weiteren G\u00e4sten auf ein rauschendes Jahresabschlusskonzert freuen. Der Einlass ist um Punkt 19.00 Uhr, rechtzeitig kommen macht Sinn. Sollten um 20.00 Uhr noch deutlich Restpl\u00e4tze frei sein, g\u00e4be es theoretisch eine klitzekleine Abendkasse. Wer also sein Gl\u00fcck versuchen will kann das gerne tun. Versprechen k\u00f6nnen wir aber nix. Allen Fans w\u00fcnschen wir an dieser Stelle schon mal fr\u00f6hliche Weihnachten und Festtage. Am Mittwoch l\u00f6sen wir dann gemeinsam den Bratensatz mit k\u00fchlen Getr\u00e4nken <span class=\"_47e3 _5mfr\" title=\"wink emoticon\"><img loading=\"lazy\" decoding=\"async\" class=\"img\" role=\"presentation\" src=\"https:\/\/static.xx.fbcdn.net\/images\/emoji.php\/v9\/f57\/1\/16\/1f609.png\" alt=\"\" width=\"16\" height=\"16\"><\/span><\/p>\n","protected":false},"excerpt":{"rendered":"<p>Liebe Leute, wir sind am 27.12. ausverkauft und freuen uns riesig!!! Die gl\u00fccklichen Besitzer eines Tickets d\u00fcrfen sich mit 400 weiteren G\u00e4sten auf ein rauschendes Jahresabschlusskonzert freuen. Der Einlass ist<a href=\"https:\/\/www.lagerfeuer-musik.de\/wordpress\/x-mas-special-ausverkauft\/\" class=\"more-link\"><span class=\"readmore\">Continue reading<span class=\"screen-reader-text\">+++ x-mas special ausverkauft +++<\/span><\/span><\/a><\/p>\n","protected":false},"author":1,"featured_media":0,"comment_status":"closed","ping_status":"closed","sticky":false,"template":"","format":"standard","meta":{"footnotes":""},"categories":[1],"tags":[],"class_list":["post-2859","post","type-post","status-publish","format-standard","hentry","category-allgemein"],"yoast_head":"<!-- This site is optimized with the Yoast SEO plugin v26.1.1 - https:\/\/yoast.com\/wordpress\/plugins\/seo\/ -->\n<title>+++ x-mas special ausverkauft +++ - LAGERFEUER-TRIO<\/title>\n<meta name=\"robots\" content=\"index, follow, max-snippet:-1, max-image-preview:large, max-video-preview:-1\" \/>\n<link rel=\"canonical\" href=\"https:\/\/www.lagerfeuer-musik.de\/wordpress\/x-mas-special-ausverkauft\/\" \/>\n<meta property=\"og:locale\" content=\"de_DE\" \/>\n<meta property=\"og:type\" content=\"article\" \/>\n<meta property=\"og:title\" content=\"+++ x-mas special ausverkauft +++ - LAGERFEUER-TRIO\" \/>\n<meta property=\"og:description\" content=\"Liebe Leute, wir sind am 27.12. ausverkauft und freuen uns riesig!!! Die gl\u00fccklichen Besitzer eines Tickets d\u00fcrfen sich mit 400 weiteren G\u00e4sten auf ein rauschendes Jahresabschlusskonzert freuen. Der Einlass istContinue reading+++ x-mas special ausverkauft +++\" \/>\n<meta property=\"og:url\" content=\"https:\/\/www.lagerfeuer-musik.de\/wordpress\/x-mas-special-ausverkauft\/\" \/>\n<meta property=\"og:site_name\" content=\"LAGERFEUER-TRIO\" \/>\n<meta property=\"article:publisher\" content=\"https:\/\/www.facebook.com\/lagerfeuertrio\" \/>\n<meta property=\"article:published_time\" content=\"2017-12-20T10:56:14+00:00\" \/>\n<meta property=\"article:modified_time\" content=\"2018-03-22T10:19:30+00:00\" \/>\n<meta property=\"og:image\" content=\"https:\/\/static.xx.fbcdn.net\/images\/emoji.php\/v9\/f57\/1\/16\/1f609.png\" \/>\n<meta name=\"author\" content=\"admin\" \/>\n<meta name=\"twitter:card\" content=\"summary_large_image\" \/>\n<meta name=\"twitter:creator\" content=\"@Lagerfeuer74309\" \/>\n<meta name=\"twitter:site\" content=\"@Lagerfeuer74309\" \/>\n<meta name=\"twitter:label1\" content=\"Verfasst von\" \/>\n\t<meta name=\"twitter:data1\" content=\"admin\" \/>\n\t<meta name=\"twitter:label2\" content=\"Gesch\u00e4tzte Lesezeit\" \/>\n\t<meta name=\"twitter:data2\" content=\"1\u00a0Minute\" \/>\n<script type=\"application\/ld+json\" class=\"yoast-schema-graph\">{\"@context\":\"https:\/\/schema.org\",\"@graph\":[{\"@type\":\"Article\",\"@id\":\"https:\/\/www.lagerfeuer-musik.de\/wordpress\/x-mas-special-ausverkauft\/#article\",\"isPartOf\":{\"@id\":\"https:\/\/www.lagerfeuer-musik.de\/wordpress\/x-mas-special-ausverkauft\/\"},\"author\":{\"name\":\"admin\",\"@id\":\"https:\/\/www.lagerfeuer-musik.de\/wordpress\/#\/schema\/person\/ddd883f88e6bf74509e45ba9226fa329\"},\"headline\":\"+++ x-mas special ausverkauft +++\",\"datePublished\":\"2017-12-20T10:56:14+00:00\",\"dateModified\":\"2018-03-22T10:19:30+00:00\",\"mainEntityOfPage\":{\"@id\":\"https:\/\/www.lagerfeuer-musik.de\/wordpress\/x-mas-special-ausverkauft\/\"},\"wordCount\":103,\"publisher\":{\"@id\":\"https:\/\/www.lagerfeuer-musik.de\/wordpress\/#organization\"},\"image\":{\"@id\":\"https:\/\/www.lagerfeuer-musik.de\/wordpress\/x-mas-special-ausverkauft\/#primaryimage\"},\"thumbnailUrl\":\"https:\/\/static.xx.fbcdn.net\/images\/emoji.php\/v9\/f57\/1\/16\/1f609.png\",\"inLanguage\":\"de\"},{\"@type\":\"WebPage\",\"@id\":\"https:\/\/www.lagerfeuer-musik.de\/wordpress\/x-mas-special-ausverkauft\/\",\"url\":\"https:\/\/www.lagerfeuer-musik.de\/wordpress\/x-mas-special-ausverkauft\/\",\"name\":\"+++ x-mas special ausverkauft +++ - LAGERFEUER-TRIO\",\"isPartOf\":{\"@id\":\"https:\/\/www.lagerfeuer-musik.de\/wordpress\/#website\"},\"primaryImageOfPage\":{\"@id\":\"https:\/\/www.lagerfeuer-musik.de\/wordpress\/x-mas-special-ausverkauft\/#primaryimage\"},\"image\":{\"@id\":\"https:\/\/www.lagerfeuer-musik.de\/wordpress\/x-mas-special-ausverkauft\/#primaryimage\"},\"thumbnailUrl\":\"https:\/\/static.xx.fbcdn.net\/images\/emoji.php\/v9\/f57\/1\/16\/1f609.png\",\"datePublished\":\"2017-12-20T10:56:14+00:00\",\"dateModified\":\"2018-03-22T10:19:30+00:00\",\"breadcrumb\":{\"@id\":\"https:\/\/www.lagerfeuer-musik.de\/wordpress\/x-mas-special-ausverkauft\/#breadcrumb\"},\"inLanguage\":\"de\",\"potentialAction\":[{\"@type\":\"ReadAction\",\"target\":[\"https:\/\/www.lagerfeuer-musik.de\/wordpress\/x-mas-special-ausverkauft\/\"]}]},{\"@type\":\"ImageObject\",\"inLanguage\":\"de\",\"@id\":\"https:\/\/www.lagerfeuer-musik.de\/wordpress\/x-mas-special-ausverkauft\/#primaryimage\",\"url\":\"https:\/\/static.xx.fbcdn.net\/images\/emoji.php\/v9\/f57\/1\/16\/1f609.png\",\"contentUrl\":\"https:\/\/static.xx.fbcdn.net\/images\/emoji.php\/v9\/f57\/1\/16\/1f609.png\"},{\"@type\":\"BreadcrumbList\",\"@id\":\"https:\/\/www.lagerfeuer-musik.de\/wordpress\/x-mas-special-ausverkauft\/#breadcrumb\",\"itemListElement\":[{\"@type\":\"ListItem\",\"position\":1,\"name\":\"Startseite\",\"item\":\"https:\/\/www.lagerfeuer-musik.de\/wordpress\/\"},{\"@type\":\"ListItem\",\"position\":2,\"name\":\"+++ x-mas special ausverkauft +++\"}]},{\"@type\":\"WebSite\",\"@id\":\"https:\/\/www.lagerfeuer-musik.de\/wordpress\/#website\",\"url\":\"https:\/\/www.lagerfeuer-musik.de\/wordpress\/\",\"name\":\"LAGERFEUER-TRIO\",\"description\":\"da brennt die H\u00fctte\",\"publisher\":{\"@id\":\"https:\/\/www.lagerfeuer-musik.de\/wordpress\/#organization\"},\"potentialAction\":[{\"@type\":\"SearchAction\",\"target\":{\"@type\":\"EntryPoint\",\"urlTemplate\":\"https:\/\/www.lagerfeuer-musik.de\/wordpress\/?s={search_term_string}\"},\"query-input\":{\"@type\":\"PropertyValueSpecification\",\"valueRequired\":true,\"valueName\":\"search_term_string\"}}],\"inLanguage\":\"de\"},{\"@type\":\"Organization\",\"@id\":\"https:\/\/www.lagerfeuer-musik.de\/wordpress\/#organization\",\"name\":\"LAGERFEUER-TRIO\",\"url\":\"https:\/\/www.lagerfeuer-musik.de\/wordpress\/\",\"logo\":{\"@type\":\"ImageObject\",\"inLanguage\":\"de\",\"@id\":\"https:\/\/www.lagerfeuer-musik.de\/wordpress\/#\/schema\/logo\/image\/\",\"url\":\"https:\/\/www.lagerfeuer-musik.de\/wordpress\/wp-content\/uploads\/2023\/11\/cropped-LOGONEU.png\",\"contentUrl\":\"https:\/\/www.lagerfeuer-musik.de\/wordpress\/wp-content\/uploads\/2023\/11\/cropped-LOGONEU.png\",\"width\":1158,\"height\":381,\"caption\":\"LAGERFEUER-TRIO\"},\"image\":{\"@id\":\"https:\/\/www.lagerfeuer-musik.de\/wordpress\/#\/schema\/logo\/image\/\"},\"sameAs\":[\"https:\/\/www.facebook.com\/lagerfeuertrio\",\"https:\/\/x.com\/Lagerfeuer74309\",\"https:\/\/www.instagram.com\/lagerfeuertrio\/\",\"https:\/\/www.linkedin.com\/in\/lagerfeuer-trio-aachen\/\"]},{\"@type\":\"Person\",\"@id\":\"https:\/\/www.lagerfeuer-musik.de\/wordpress\/#\/schema\/person\/ddd883f88e6bf74509e45ba9226fa329\",\"name\":\"admin\",\"url\":\"https:\/\/www.lagerfeuer-musik.de\/wordpress\/author\/admin\/\"}]}<\/script>\n<!-- \/ Yoast SEO plugin. -->","yoast_head_json":{"title":"+++ x-mas special ausverkauft +++ - LAGERFEUER-TRIO","robots":{"index":"index","follow":"follow","max-snippet":"max-snippet:-1","max-image-preview":"max-image-preview:large","max-video-preview":"max-video-preview:-1"},"canonical":"https:\/\/www.lagerfeuer-musik.de\/wordpress\/x-mas-special-ausverkauft\/","og_locale":"de_DE","og_type":"article","og_title":"+++ x-mas special ausverkauft +++ - LAGERFEUER-TRIO","og_description":"Liebe Leute, wir sind am 27.12. ausverkauft und freuen uns riesig!!! Die gl\u00fccklichen Besitzer eines Tickets d\u00fcrfen sich mit 400 weiteren G\u00e4sten auf ein rauschendes Jahresabschlusskonzert freuen. Der Einlass istContinue reading+++ x-mas special ausverkauft +++","og_url":"https:\/\/www.lagerfeuer-musik.de\/wordpress\/x-mas-special-ausverkauft\/","og_site_name":"LAGERFEUER-TRIO","article_publisher":"https:\/\/www.facebook.com\/lagerfeuertrio","article_published_time":"2017-12-20T10:56:14+00:00","article_modified_time":"2018-03-22T10:19:30+00:00","og_image":[{"url":"https:\/\/static.xx.fbcdn.net\/images\/emoji.php\/v9\/f57\/1\/16\/1f609.png","type":"","width":"","height":""}],"author":"admin","twitter_card":"summary_large_image","twitter_creator":"@Lagerfeuer74309","twitter_site":"@Lagerfeuer74309","twitter_misc":{"Verfasst von":"admin","Gesch\u00e4tzte Lesezeit":"1\u00a0Minute"},"schema":{"@context":"https:\/\/schema.org","@graph":[{"@type":"Article","@id":"https:\/\/www.lagerfeuer-musik.de\/wordpress\/x-mas-special-ausverkauft\/#article","isPartOf":{"@id":"https:\/\/www.lagerfeuer-musik.de\/wordpress\/x-mas-special-ausverkauft\/"},"author":{"name":"admin","@id":"https:\/\/www.lagerfeuer-musik.de\/wordpress\/#\/schema\/person\/ddd883f88e6bf74509e45ba9226fa329"},"headline":"+++ x-mas special ausverkauft +++","datePublished":"2017-12-20T10:56:14+00:00","dateModified":"2018-03-22T10:19:30+00:00","mainEntityOfPage":{"@id":"https:\/\/www.lagerfeuer-musik.de\/wordpress\/x-mas-special-ausverkauft\/"},"wordCount":103,"publisher":{"@id":"https:\/\/www.lagerfeuer-musik.de\/wordpress\/#organization"},"image":{"@id":"https:\/\/www.lagerfeuer-musik.de\/wordpress\/x-mas-special-ausverkauft\/#primaryimage"},"thumbnailUrl":"https:\/\/static.xx.fbcdn.net\/images\/emoji.php\/v9\/f57\/1\/16\/1f609.png","inLanguage":"de"},{"@type":"WebPage","@id":"https:\/\/www.lagerfeuer-musik.de\/wordpress\/x-mas-special-ausverkauft\/","url":"https:\/\/www.lagerfeuer-musik.de\/wordpress\/x-mas-special-ausverkauft\/","name":"+++ x-mas special ausverkauft +++ - LAGERFEUER-TRIO","isPartOf":{"@id":"https:\/\/www.lagerfeuer-musik.de\/wordpress\/#website"},"primaryImageOfPage":{"@id":"https:\/\/www.lagerfeuer-musik.de\/wordpress\/x-mas-special-ausverkauft\/#primaryimage"},"image":{"@id":"https:\/\/www.lagerfeuer-musik.de\/wordpress\/x-mas-special-ausverkauft\/#primaryimage"},"thumbnailUrl":"https:\/\/static.xx.fbcdn.net\/images\/emoji.php\/v9\/f57\/1\/16\/1f609.png","datePublished":"2017-12-20T10:56:14+00:00","dateModified":"2018-03-22T10:19:30+00:00","breadcrumb":{"@id":"https:\/\/www.lagerfeuer-musik.de\/wordpress\/x-mas-special-ausverkauft\/#breadcrumb"},"inLanguage":"de","potentialAction":[{"@type":"ReadAction","target":["https:\/\/www.lagerfeuer-musik.de\/wordpress\/x-mas-special-ausverkauft\/"]}]},{"@type":"ImageObject","inLanguage":"de","@id":"https:\/\/www.lagerfeuer-musik.de\/wordpress\/x-mas-special-ausverkauft\/#primaryimage","url":"https:\/\/static.xx.fbcdn.net\/images\/emoji.php\/v9\/f57\/1\/16\/1f609.png","contentUrl":"https:\/\/static.xx.fbcdn.net\/images\/emoji.php\/v9\/f57\/1\/16\/1f609.png"},{"@type":"BreadcrumbList","@id":"https:\/\/www.lagerfeuer-musik.de\/wordpress\/x-mas-special-ausverkauft\/#breadcrumb","itemListElement":[{"@type":"ListItem","position":1,"name":"Startseite","item":"https:\/\/www.lagerfeuer-musik.de\/wordpress\/"},{"@type":"ListItem","position":2,"name":"+++ x-mas special ausverkauft +++"}]},{"@type":"WebSite","@id":"https:\/\/www.lagerfeuer-musik.de\/wordpress\/#website","url":"https:\/\/www.lagerfeuer-musik.de\/wordpress\/","name":"LAGERFEUER-TRIO","description":"da brennt die H\u00fctte","publisher":{"@id":"https:\/\/www.lagerfeuer-musik.de\/wordpress\/#organization"},"potentialAction":[{"@type":"SearchAction","target":{"@type":"EntryPoint","urlTemplate":"https:\/\/www.lagerfeuer-musik.de\/wordpress\/?s={search_term_string}"},"query-input":{"@type":"PropertyValueSpecification","valueRequired":true,"valueName":"search_term_string"}}],"inLanguage":"de"},{"@type":"Organization","@id":"https:\/\/www.lagerfeuer-musik.de\/wordpress\/#organization","name":"LAGERFEUER-TRIO","url":"https:\/\/www.lagerfeuer-musik.de\/wordpress\/","logo":{"@type":"ImageObject","inLanguage":"de","@id":"https:\/\/www.lagerfeuer-musik.de\/wordpress\/#\/schema\/logo\/image\/","url":"https:\/\/www.lagerfeuer-musik.de\/wordpress\/wp-content\/uploads\/2023\/11\/cropped-LOGONEU.png","contentUrl":"https:\/\/www.lagerfeuer-musik.de\/wordpress\/wp-content\/uploads\/2023\/11\/cropped-LOGONEU.png","width":1158,"height":381,"caption":"LAGERFEUER-TRIO"},"image":{"@id":"https:\/\/www.lagerfeuer-musik.de\/wordpress\/#\/schema\/logo\/image\/"},"sameAs":["https:\/\/www.facebook.com\/lagerfeuertrio","https:\/\/x.com\/Lagerfeuer74309","https:\/\/www.instagram.com\/lagerfeuertrio\/","https:\/\/www.linkedin.com\/in\/lagerfeuer-trio-aachen\/"]},{"@type":"Person","@id":"https:\/\/www.lagerfeuer-musik.de\/wordpress\/#\/schema\/person\/ddd883f88e6bf74509e45ba9226fa329","name":"admin","url":"https:\/\/www.lagerfeuer-musik.de\/wordpress\/author\/admin\/"}]}},"_links":{"self":[{"href":"https:\/\/www.lagerfeuer-musik.de\/wordpress\/wp-json\/wp\/v2\/posts\/2859","targetHints":{"allow":["GET"]}}],"collection":[{"href":"https:\/\/www.lagerfeuer-musik.de\/wordpress\/wp-json\/wp\/v2\/posts"}],"about":[{"href":"https:\/\/www.lagerfeuer-musik.de\/wordpress\/wp-json\/wp\/v2\/types\/post"}],"author":[{"embeddable":true,"href":"https:\/\/www.lagerfeuer-musik.de\/wordpress\/wp-json\/wp\/v2\/users\/1"}],"replies":[{"embeddable":true,"href":"https:\/\/www.lagerfeuer-musik.de\/wordpress\/wp-json\/wp\/v2\/comments?post=2859"}],"version-history":[{"count":2,"href":"https:\/\/www.lagerfeuer-musik.de\/wordpress\/wp-json\/wp\/v2\/posts\/2859\/revisions"}],"predecessor-version":[{"id":2936,"href":"https:\/\/www.lagerfeuer-musik.de\/wordpress\/wp-json\/wp\/v2\/posts\/2859\/revisions\/2936"}],"wp:attachment":[{"href":"https:\/\/www.lagerfeuer-musik.de\/wordpress\/wp-json\/wp\/v2\/media?parent=2859"}],"wp:term":[{"taxonomy":"category","embeddable":true,"href":"https:\/\/www.lagerfeuer-musik.de\/wordpress\/wp-json\/wp\/v2\/categories?post=2859"},{"taxonomy":"post_tag","embeddable":true,"href":"https:\/\/www.lagerfeuer-musik.de\/wordpress\/wp-json\/wp\/v2\/tags?post=2859"}],"curies":[{"name":"wp","href":"https:\/\/api.w.org\/{rel}","templated":true}]}}